{"id":2903,"date":"2023-12-29T11:40:44","date_gmt":"2023-12-29T14:40:44","guid":{"rendered":"https:\/\/npclinic.com.br\/?p=2903"},"modified":"2023-12-29T11:41:36","modified_gmt":"2023-12-29T14:41:36","slug":"melasma-desvendado-e-estrategias-eficazes-de-tratamento","status":"publish","type":"post","link":"https:\/\/npclinic.com.br\/index.php\/2023\/12\/29\/melasma-desvendado-e-estrategias-eficazes-de-tratamento\/","title":{"rendered":"Melasma: Desvendado e Estrat\u00e9gias Eficazes de Tratamento!"},"content":{"rendered":"\n<p>O melasma, uma condi\u00e7\u00e3o que se manifesta atrav\u00e9s de manchas escuras ou acastanhadas nas \u00e1reas expostas ao sol, como face, ma\u00e7\u00e3s do rosto, testa, nariz, l\u00e1bio superior e colo, pode ser um desafio, especialmente para as mulheres que representam 90% dos casos.<\/p>\n\n\n\n<p>Essas manchas, simetricamente dispostas e de contornos irregulares, geralmente fazem sua apari\u00e7\u00e3o a partir dos 25 anos, com uma tend\u00eancia a diminuir ap\u00f3s a menopausa.<\/p>\n\n\n\n<p><strong>O Que Desencadeia o Melasma?<\/strong> A atividade intensificada dos melan\u00f3citos, c\u00e9lulas respons\u00e1veis pela produ\u00e7\u00e3o de melanina, leva ao aumento do pigmento na superf\u00edcie da pele. Embora muitos fatores contribuam para seu desenvolvimento, o papel exato desse processo ainda \u00e9 um mist\u00e9rio, com uma forte influ\u00eancia da predisposi\u00e7\u00e3o gen\u00e9tica.<\/p>\n\n\n\n<p>Al\u00e9m disso, disfun\u00e7\u00f5es em c\u00e9lulas de defesa e produtoras de col\u00e1geno, juntamente com a prolifera\u00e7\u00e3o vascular abaixo das manchas, podem agravar o escurecimento. Influ\u00eancias hormonais, exposi\u00e7\u00e3o solar cr\u00f4nica e fatores irritantes tamb\u00e9m desempenham pap\u00e9is cruciais.<\/p>\n\n\n\n<p><strong>Como Lidar com o Melasma: Estrat\u00e9gias de Tratamento:<\/strong> O tratamento do melasma \u00e9 multifacetado e envolve uma abordagem cont\u00ednua. A prote\u00e7\u00e3o solar torna-se o pilar central, com o uso de filtros solares de amplo espectro, maquiagens protetoras e chap\u00e9us de aba larga.<\/p>\n\n\n\n<p><strong>Dicas Essenciais de Tratamento:<\/strong><\/p>\n\n\n\n<ol class=\"wp-block-list\">\n<li><strong>Fotoprote\u00e7\u00e3o Rigorosa:<\/strong>\n<ul class=\"wp-block-list\">\n<li>Aplique diariamente filtro solar com FPS alto, UVA e UVB.<\/li>\n\n\n\n<li>Utilize maquiagem com filtro solar ou sua base preferida para prote\u00e7\u00e3o contra a luz vis\u00edvel.<\/li>\n\n\n\n<li>Adote o uso de chap\u00e9us de aba larga para refor\u00e7ar a prote\u00e7\u00e3o.<\/li>\n<\/ul>\n<\/li>\n\n\n\n<li><strong>Tratamento T\u00f3pico com Cremes Clareadores:<\/strong>\n<ul class=\"wp-block-list\">\n<li>Cremes clareadores s\u00e3o aliados poderosos, mas sua efic\u00e1cia requer consist\u00eancia e paci\u00eancia.<\/li>\n\n\n\n<li>Resultados come\u00e7am a aparecer ap\u00f3s cerca de dois meses de uso correto.<\/li>\n\n\n\n<li>O tratamento \u00e9 individualizado para se adequar \u00e0s necessidades de cada paciente.<\/li>\n<\/ul>\n<\/li>\n\n\n\n<li><strong>Antioxidantes Orais:<\/strong>\n<ul class=\"wp-block-list\">\n<li>Conhecidos como &#8220;Protetor Solar Oral&#8221;, esses antioxidantes aumentam a resist\u00eancia da pele \u00e0 luz solar.<\/li>\n\n\n\n<li>S\u00e3o coadjuvantes no clareamento, mas n\u00e3o substituem o uso de filtro solar.<\/li>\n<\/ul>\n<\/li>\n\n\n\n<li><strong>Peelings e Tratamentos a Laser:<\/strong>\n<ul class=\"wp-block-list\">\n<li>Peelings podem clarear a pele gradualmente, enquanto os procedimentos a laser visam diferentes componentes das manchas.<\/li>\n\n\n\n<li>Esses tratamentos devem ser realizados por dermatologistas experientes e est\u00e3o sujeitos \u00e0 rotina fotoprotetora.<\/li>\n<\/ul>\n<\/li>\n\n\n\n<li><strong>Microagulhamento com Drug Delivery:<\/strong>\n<ul class=\"wp-block-list\">\n<li>Uma abordagem inovadora, o microagulhamento utiliza agulhas para aplicar clareadores e vitaminas.<\/li>\n\n\n\n<li>Estimula a produ\u00e7\u00e3o de col\u00e1geno, contribuindo para melhorar a qualidade da pele.<\/li>\n\n\n\n<li>Requer cuidados espec\u00edficos para garantir efic\u00e1cia e seguran\u00e7a.<\/li>\n<\/ul>\n<\/li>\n<\/ol>\n\n\n\n<p>O melasma \u00e9 uma condi\u00e7\u00e3o cr\u00f4nica, e sua melhoria depende dos cuidados cont\u00ednuos e do estilo de vida do paciente. A informa\u00e7\u00e3o e a conscientiza\u00e7\u00e3o desempenham um papel vital para alcan\u00e7ar resultados satisfat\u00f3rios.<\/p>\n\n\n\n<p><a href=\"https:\/\/wa.me\/554896747419\" target=\"_blank\" rel=\"noopener\" title=\"\"><strong>Deseja Recuperar Sua Pele Impec\u00e1vel? Marque Sua Consulta Agora!<\/strong> <\/a>N\u00e3o deixe o melasma interferir na sua autoestima. <a href=\"https:\/\/wa.me\/554896747419\" target=\"_blank\" rel=\"noopener\" title=\"\">Agende uma consulta para uma avalia\u00e7\u00e3o personalizada<\/a>. Juntos, vamos criar um plano de tratamento adaptado \u00e0s suas necessidades, revelando a beleza \u00fanica da sua pele.<\/p>\n\n\n\n<p><em>Liberte-se do melasma e redescubra sua confian\u00e7a! <a href=\"https:\/\/wa.me\/554896747419\" target=\"_blank\" rel=\"noopener\" title=\"\">Marque sua consulta agora!<\/a><\/em><\/p>\n","protected":false},"excerpt":{"rendered":"<p>O melasma, uma condi\u00e7\u00e3o que se manifesta atrav\u00e9s de manchas escuras ou acastanhadas nas \u00e1reas expostas ao sol, como face, ma\u00e7\u00e3s do rosto, testa, nariz, l\u00e1bio superior e colo, pode ser um desafio, especialmente para as mulheres que representam 90% dos casos. Essas manchas, simetricamente dispostas e de contornos irregulares, geralmente fazem sua apari\u00e7\u00e3o a [&hellip;]<\/p>\n","protected":false},"author":1,"featured_media":2906,"comment_status":"open","ping_status":"open","sticky":false,"template":"","format":"standard","meta":{"om_disable_all_campaigns":false,"_monsterinsights_skip_tracking":false,"_monsterinsights_sitenote_active":false,"_monsterinsights_sitenote_note":"","_monsterinsights_sitenote_category":0,"_joinchat":[],"footnotes":""},"categories":[20],"tags":[],"class_list":["post-2903","post","type-post","status-publish","format-standard","has-post-thumbnail","hentry","category-skin-care"],"aioseo_notices":[],"_links":{"self":[{"href":"https:\/\/npclinic.com.br\/index.php\/wp-json\/wp\/v2\/posts\/2903","targetHints":{"allow":["GET"]}}],"collection":[{"href":"https:\/\/npclinic.com.br\/index.php\/wp-json\/wp\/v2\/posts"}],"about":[{"href":"https:\/\/npclinic.com.br\/index.php\/wp-json\/wp\/v2\/types\/post"}],"author":[{"embeddable":true,"href":"https:\/\/npclinic.com.br\/index.php\/wp-json\/wp\/v2\/users\/1"}],"replies":[{"embeddable":true,"href":"https:\/\/npclinic.com.br\/index.php\/wp-json\/wp\/v2\/comments?post=2903"}],"version-history":[{"count":1,"href":"https:\/\/npclinic.com.br\/index.php\/wp-json\/wp\/v2\/posts\/2903\/revisions"}],"predecessor-version":[{"id":2904,"href":"https:\/\/npclinic.com.br\/index.php\/wp-json\/wp\/v2\/posts\/2903\/revisions\/2904"}],"wp:featuredmedia":[{"embeddable":true,"href":"https:\/\/npclinic.com.br\/index.php\/wp-json\/wp\/v2\/media\/2906"}],"wp:attachment":[{"href":"https:\/\/npclinic.com.br\/index.php\/wp-json\/wp\/v2\/media?parent=2903"}],"wp:term":[{"taxonomy":"category","embeddable":true,"href":"https:\/\/npclinic.com.br\/index.php\/wp-json\/wp\/v2\/categories?post=2903"},{"taxonomy":"post_tag","embeddable":true,"href":"https:\/\/npclinic.com.br\/index.php\/wp-json\/wp\/v2\/tags?post=2903"}],"curies":[{"name":"wp","href":"https:\/\/api.w.org\/{rel}","templated":true}]}}